{"id":9698,"date":"2020-02-19T09:45:35","date_gmt":"2020-02-19T14:45:35","guid":{"rendered":"https:\/\/isuarsivik.ca\/?p=9698"},"modified":"2020-02-19T09:45:35","modified_gmt":"2020-02-19T14:45:35","slug":"le-premier-logement-des-employes-est-occupe%e2%80%89","status":"publish","type":"post","link":"https:\/\/isuarsivik.ca\/fr\/le-premier-logement-des-employes-est-occupe%e2%80%89\/","title":{"rendered":"Le premier logement des employ\u00e9s est occup\u00e9\u2009!"},"content":{"rendered":"<p>Janvier 2020 restera un mois tr\u00e8s important pour Isuarsivik, mais surtout pour ses employ\u00e9s. C\u2019est en effet en janvier dernier que quatre membres de l\u2019\u00e9quipe ont re\u00e7u les cl\u00e9s pour acc\u00e9der \u00e0 leur nouvelle maison, enti\u00e8rement meubl\u00e9e par l\u2019organisation. Deux d\u2019entre eux vivront dans des appartements de deux chambres \u00e0 coucher et les deux autres dans des appartements d\u2019une chambre \u00e0 coucher. Toutes les unit\u00e9s sont \u00e9quip\u00e9es d\u2019un hangar, juste \u00e0 c\u00f4t\u00e9, dont deux ont \u00e9t\u00e9 construits par des <a href=\"https:\/\/isuarsivik.ca\/des-aspirants-ouvriers-a-loeuvre-pour-isuarsivik\/?lang=fr\"><u>stagiaires locaux du projet Sanajiit<\/u><\/a>.<\/p>\n<p>En tant qu\u2019organisme communautaire, nous avons d\u00fb travailler d\u2019arrache-pied pour d\u00e9finir nos besoins et construire ce premier b\u00e2timent pour nos employ\u00e9s. Mais notre travail n\u2019est pas termin\u00e9 puisque l\u2019accord de financement du nouveau centre pr\u00e9voit la construction de deux autres quadruplex. Isuarsivik lancera l\u2019appel d\u2019offres pour les huit unit\u00e9s d\u2019h\u00e9bergement restantes avant la fin du mois de f\u00e9vrier.<\/p>\n<p>Cette r\u00e9alisation a \u00e9t\u00e9 rendue possible gr\u00e2ce \u00e0 <a href=\"https:\/\/www.facebook.com\/evoqarchitecture\/?__tn__=K-R&amp;eid=ARCuugiIf6JgWyO5VdzTzlGwpbFuLLR0nV6rfL8iUU5-lahutUsSSIxKDt2c7WgsDf_bn98CIhq5efhk&amp;fref=mentions&amp;__xts__%5b0%5d=68.ARAawokQ08Gn_GO7LiJOVoF7yVMMreJiKkHnxm-QdwVYyrbXkcyTNQZ9Mij7roOgQzgdT6fiQzsHI4hE0Mzdh3HS1Xt-bv_RrZeXL1ILJqjigKF4F8XqwAqI55-Yo1xi55lEsM-z7xM5crdYQ0nYnQ6KIDD1ixZltwgTIKq9XfHYS6TExTCIdWiErOzVF8oWidLOR1nkR60WPh-htN8_yXptDcjqhzwS2xV8JCNg5onSIsGy55E6IYJHthA8rq4dQH94WlaoP361wHPdABkrdW_8lYERkJRUM1Iicz0vQKHe4cbYf6OVkaDgcx8Vm4vhtD1PADHy61Id-6ayTezBTJJS6Q\">EVOQ Architecture<\/a>,\u00a0\u00e0 NCK, \u00e0<a href=\"https:\/\/www.facebook.com\/snclavalin\/?__tn__=K-R&amp;eid=ARAUXSEWxlUo1M1a4vQF3Z3f5ZnPsdOj23Q_uGxBvjwQtNwPg45QBnLoUeGeAnCbgGd0ZFnVpuAHPK9b&amp;fref=mentions&amp;__xts__%5b0%5d=68.ARAawokQ08Gn_GO7LiJOVoF7yVMMreJiKkHnxm-QdwVYyrbXkcyTNQZ9Mij7roOgQzgdT6fiQzsHI4hE0Mzdh3HS1Xt-bv_RrZeXL1ILJqjigKF4F8XqwAqI55-Yo1xi55lEsM-z7xM5crdYQ0nYnQ6KIDD1ixZltwgTIKq9XfHYS6TExTCIdWiErOzVF8oWidLOR1nkR60WPh-htN8_yXptDcjqhzwS2xV8JCNg5onSIsGy55E6IYJHthA8rq4dQH94WlaoP361wHPdABkrdW_8lYERkJRUM1Iicz0vQKHe4cbYf6OVkaDgcx8Vm4vhtD1PADHy61Id-6ayTezBTJJS6Q\"> SNC-Lavalin<\/a> et aux membres b\u00e9n\u00e9voles de notre conseil d\u2019administration, qui ont \u00e9t\u00e9 de grands alli\u00e9s depuis le d\u00e9but de la r\u00e9alisation de ce projet.<\/p>\n","protected":false},"excerpt":{"rendered":"<p>Janvier 2020 restera un mois tr\u00e8s important pour Isuarsivik, mais surtout pour ses employ\u00e9s. C\u2019est en effet en janvier dernier que quatre membres de l\u2019\u00e9quipe ont re\u00e7u les cl\u00e9s pour acc\u00e9der \u00e0 leur nouvelle maison, enti\u00e8rement meubl\u00e9e par l\u2019organisation. Deux &hellip; <a href=\"https:\/\/isuarsivik.ca\/fr\/le-premier-logement-des-employes-est-occupe%e2%80%89\/\">Continue reading <span class=\"meta-nav\">&rarr;<\/span><\/a><\/p>\n","protected":false},"author":5,"featured_media":9658,"comment_status":"closed","ping_status":"open","sticky":false,"template":"","format":"standard","meta":{"footnotes":""},"categories":[211],"tags":[],"class_list":["post-9698","post","type-post","status-publish","format-standard","has-post-thumbnail","hentry","category-nouvelles"],"_links":{"self":[{"href":"https:\/\/isuarsivik.ca\/fr\/wp-json\/wp\/v2\/posts\/9698","targetHints":{"allow":["GET"]}}],"collection":[{"href":"https:\/\/isuarsivik.ca\/fr\/wp-json\/wp\/v2\/posts"}],"about":[{"href":"https:\/\/isuarsivik.ca\/fr\/wp-json\/wp\/v2\/types\/post"}],"author":[{"embeddable":true,"href":"https:\/\/isuarsivik.ca\/fr\/wp-json\/wp\/v2\/users\/5"}],"replies":[{"embeddable":true,"href":"https:\/\/isuarsivik.ca\/fr\/wp-json\/wp\/v2\/comments?post=9698"}],"version-history":[{"count":0,"href":"https:\/\/isuarsivik.ca\/fr\/wp-json\/wp\/v2\/posts\/9698\/revisions"}],"wp:featuredmedia":[{"embeddable":true,"href":"https:\/\/isuarsivik.ca\/fr\/wp-json\/wp\/v2\/media\/9658"}],"wp:attachment":[{"href":"https:\/\/isuarsivik.ca\/fr\/wp-json\/wp\/v2\/media?parent=9698"}],"wp:term":[{"taxonomy":"category","embeddable":true,"href":"https:\/\/isuarsivik.ca\/fr\/wp-json\/wp\/v2\/categories?post=9698"},{"taxonomy":"post_tag","embeddable":true,"href":"https:\/\/isuarsivik.ca\/fr\/wp-json\/wp\/v2\/tags?post=9698"}],"curies":[{"name":"wp","href":"https:\/\/api.w.org\/{rel}","templated":true}]}}