{"id":9695,"date":"2020-02-19T09:17:01","date_gmt":"2020-02-19T14:17:01","guid":{"rendered":"https:\/\/isuarsivik.ca\/?p=9695"},"modified":"2020-02-19T09:17:01","modified_gmt":"2020-02-19T14:17:01","slug":"notre-directrice-generale-alicia-aragutak-recoit-le-prix-indspire-jeune-inuite-2020","status":"publish","type":"post","link":"https:\/\/isuarsivik.ca\/fr\/notre-directrice-generale-alicia-aragutak-recoit-le-prix-indspire-jeune-inuite-2020\/","title":{"rendered":"Notre directrice g\u00e9n\u00e9rale, Alicia Aragutak, re\u00e7oit le prix Indspire \u2014 jeune Inuite 2020"},"content":{"rendered":"<p>Le 4\u00a0f\u00e9vrier dernier, notre directrice g\u00e9n\u00e9rale, Alicia Aragutak, a re\u00e7u le prix Indspire Award \u2014 jeune Inuite (2020) pour ses r\u00e9alisations exceptionnelles, son exp\u00e9rience de vie et son engagement communautaire. Elle devient ainsi la premi\u00e8re Inuite du Nunavik \u00e0 remporter le prix dans la cat\u00e9gorie des jeunes Inuits.<\/p>\n<p>Alicia et originaire d\u2019Umiujaq et elle vit maintenant \u00e0 Kuujjuaq. Depuis son plus jeune \u00e2ge, elle s\u2019est engag\u00e9e \u00e0 am\u00e9liorer l\u2019avenir de ses compatriotes inuits. Elle est une ardente protectrice de l\u2019identit\u00e9 et de l\u2019histoire des Inuits. Elle ne manque jamais une occasion de d\u00e9fendre et de parler au nom de ses concitoyens inuits, et ce, toujours dans le plus grand respect des a\u00een\u00e9s et en toute connaissance des pr\u00e9occupations de la jeune g\u00e9n\u00e9ration.<\/p>\n<p>Isuarsivik a le privil\u00e8ge de pouvoir compter sur le leadership de cette femme extraordinaire pour guider l\u2019orientation de l\u2019\u00e9quipe de direction, assurer une liaison diligente avec le conseil d\u2019administration et encourager et responsabiliser le personnel.<\/p>\n<p>F\u00e9licitations Alicia\u2009!<\/p>\n","protected":false},"excerpt":{"rendered":"<p>Le 4\u00a0f\u00e9vrier dernier, notre directrice g\u00e9n\u00e9rale, Alicia Aragutak, a re\u00e7u le prix Indspire Award \u2014 jeune Inuite (2020) pour ses r\u00e9alisations exceptionnelles, son exp\u00e9rience de vie et son engagement communautaire. Elle devient ainsi la premi\u00e8re Inuite du Nunavik \u00e0 remporter &hellip; <a href=\"https:\/\/isuarsivik.ca\/fr\/notre-directrice-generale-alicia-aragutak-recoit-le-prix-indspire-jeune-inuite-2020\/\">Continue reading <span class=\"meta-nav\">&rarr;<\/span><\/a><\/p>\n","protected":false},"author":5,"featured_media":9669,"comment_status":"closed","ping_status":"open","sticky":false,"template":"","format":"standard","meta":{"footnotes":""},"categories":[211],"tags":[],"class_list":["post-9695","post","type-post","status-publish","format-standard","has-post-thumbnail","hentry","category-nouvelles"],"_links":{"self":[{"href":"https:\/\/isuarsivik.ca\/fr\/wp-json\/wp\/v2\/posts\/9695","targetHints":{"allow":["GET"]}}],"collection":[{"href":"https:\/\/isuarsivik.ca\/fr\/wp-json\/wp\/v2\/posts"}],"about":[{"href":"https:\/\/isuarsivik.ca\/fr\/wp-json\/wp\/v2\/types\/post"}],"author":[{"embeddable":true,"href":"https:\/\/isuarsivik.ca\/fr\/wp-json\/wp\/v2\/users\/5"}],"replies":[{"embeddable":true,"href":"https:\/\/isuarsivik.ca\/fr\/wp-json\/wp\/v2\/comments?post=9695"}],"version-history":[{"count":0,"href":"https:\/\/isuarsivik.ca\/fr\/wp-json\/wp\/v2\/posts\/9695\/revisions"}],"wp:featuredmedia":[{"embeddable":true,"href":"https:\/\/isuarsivik.ca\/fr\/wp-json\/wp\/v2\/media\/9669"}],"wp:attachment":[{"href":"https:\/\/isuarsivik.ca\/fr\/wp-json\/wp\/v2\/media?parent=9695"}],"wp:term":[{"taxonomy":"category","embeddable":true,"href":"https:\/\/isuarsivik.ca\/fr\/wp-json\/wp\/v2\/categories?post=9695"},{"taxonomy":"post_tag","embeddable":true,"href":"https:\/\/isuarsivik.ca\/fr\/wp-json\/wp\/v2\/tags?post=9695"}],"curies":[{"name":"wp","href":"https:\/\/api.w.org\/{rel}","templated":true}]}}