{"id":9351,"date":"2019-10-21T14:32:37","date_gmt":"2019-10-21T18:32:37","guid":{"rendered":"http:\/\/isuarsivik.ca\/?p=9351"},"modified":"2019-10-22T14:49:25","modified_gmt":"2019-10-22T18:49:25","slug":"trois-nouveaux-administrateurs-nommes-au-conseil-dadministration","status":"publish","type":"post","link":"https:\/\/isuarsivik.ca\/fr\/trois-nouveaux-administrateurs-nommes-au-conseil-dadministration\/","title":{"rendered":"Trois nouveaux administrateurs nomm\u00e9s au conseil d\u2019administration"},"content":{"rendered":"<p>Au cours de l\u2019assembl\u00e9e g\u00e9n\u00e9rale annuelle (AGA) 2018-2019, les membres du Centre r\u00e9gional de r\u00e9tablissement Isuarsivik (Isuarsivik) ont annonc\u00e9 la nomination de trois administrateurs repr\u00e9sentant l\u2019ensemble de la r\u00e9gion. \u00c0 la suite d\u2019un appel d\u2019int\u00e9r\u00eat publicis\u00e9 dans les 14 communaut\u00e9s du Nunavik, plusieurs candidatures avaient retenu l\u2019attention des membres du CA. Ces derniers ont \u00e9t\u00e9 impressionn\u00e9s par la qualit\u00e9 des candidatures et l\u2019int\u00e9r\u00eat des gens de la r\u00e9gion pour notre cause.<\/p>\n<p>Des entrevues ont donc eu lieu le 16\u00a0septembre et apr\u00e8s d\u2019autres d\u00e9marches administratives, les trois nouveaux membres ont \u00e9t\u00e9 annonc\u00e9s. Sean McDonald (Kuujjuaq), Louisa Kuananack (Puvirnituq) et Minnie Maali Snowball (Kanqiqsualujjuaq) viennent ainsi s\u2019ajouter aux six membres d\u00e9j\u00e0 en fonction.<\/p>\n<p>Originaire de Terre-Neuve et habitant Kuujjuaq depuis son tr\u00e8s jeune \u00e2ge, M.\u00a0McDonald fait carri\u00e8re depuis plus de 23 ans comme directeur de la station m\u00e9t\u00e9o \u00e0 Kuujjuaq. Il a aussi occup\u00e9 diff\u00e9rents postes comme m\u00e9canicien, \u00e9ducateur, p\u00eacheur et gestionnaire. Il s\u2019int\u00e9resse \u00e0 la cause d\u2019Isuarsivik puisque \u00ab\u2009jamais auparavant les familles ont \u00e9t\u00e9 autant bris\u00e9es par les traumatismes et l\u2019abus de substances \u00e0 un point tel que les jeunes s\u2019enl\u00e8vent la vie et que les enfants sont plac\u00e9s en famille d\u2019accueil. Le cycle ne s\u2019arr\u00eatera pas tant que notre peuple ne passera pas par un processus de gu\u00e9rison\u2009\u00bb, a soulign\u00e9 M.\u00a0McDonald en entrevue.<\/p>\n<p>De son c\u00f4t\u00e9, M<sup>me<\/sup>\u00a0Kuananack est une ancienne participante du programme de r\u00e9tablissement du Centre de la promotion 2011. Coordonnatrice du comit\u00e9 de justice de Puvirnituq, elle m\u00e8ne des habitudes de vie saine depuis son passage dans notre \u00e9tablissement. Son poignant t\u00e9moignage lors de l\u2019AGA\u00a02017-2018 en a inspir\u00e9 plusieurs. Elle repr\u00e9sente un v\u00e9ritable mod\u00e8le de pers\u00e9v\u00e9rance pour la r\u00e9gion et surtout pour ses enfants. En si\u00e9geant sur le CA d\u2019Isuarsivik, elle souhaite redonner ce qu\u2019elle a re\u00e7u \u00e0 ceux dans le besoin puisqu\u2019elle incarne la pers\u00e9v\u00e9rance, le courage et l\u2019espoir malgr\u00e9 les traumatismes et les d\u00e9fis.<\/p>\n<p>Quant \u00e0 Minnie Maali Snowball, elle repr\u00e9sente la jeunesse au sein du CA d\u2019Isuarsivik. Elle coordonne la Maison familiale Qarmaapik dans sa communaut\u00e9 d\u2019origine. Dipl\u00f4m\u00e9e de l\u2019\u00e9cole Ulluriaq \u00e0 Kangiqsualujjuaq, elle est une grande d\u00e9fenderesse de plusieurs dossiers nordiques et a repr\u00e9sent\u00e9 la r\u00e9gion \u00e0 de nombreuses rencontres et \u00e9v\u00e9nements. D\u00e9l\u00e9gu\u00e9e des anciens de <em>Students on Ice,<\/em> elle a pris part \u00e0 la Conf\u00e9rence Rio\u00a0+20 des Nations Unies sur le d\u00e9veloppement durable en 2012 et a rencontr\u00e9 le premier ministre de l\u2019\u00e9poque, Jean Charest, pour lui faire part de ses impressions sur le Plan Nord. Elle se sent privil\u00e9gi\u00e9e de faire partie du CA d\u2019Isuarsivik puisqu\u2019elle croit que s\u2019impliquer dans diff\u00e9rents projets permet de s\u2019accomplir et s\u2019\u00e9manciper autant que d\u2019aider les autres dans le besoin. En s\u2019impliquant au niveau communautaire et r\u00e9gional, elle veut montrer par l\u2019exemple \u00e0 ses enfants qu\u2019il est possible ensemble de faire une diff\u00e9rence.<\/p>\n","protected":false},"excerpt":{"rendered":"<p>Au cours de l\u2019assembl\u00e9e g\u00e9n\u00e9rale annuelle (AGA) 2018-2019, les membres du Centre r\u00e9gional de r\u00e9tablissement Isuarsivik (Isuarsivik) ont annonc\u00e9 la nomination de trois administrateurs repr\u00e9sentant l\u2019ensemble de la r\u00e9gion. \u00c0 la suite d\u2019un appel d\u2019int\u00e9r\u00eat publicis\u00e9 dans les 14 communaut\u00e9s &hellip; <a href=\"https:\/\/isuarsivik.ca\/fr\/trois-nouveaux-administrateurs-nommes-au-conseil-dadministration\/\">Continue reading <span class=\"meta-nav\">&rarr;<\/span><\/a><\/p>\n","protected":false},"author":5,"featured_media":9457,"comment_status":"closed","ping_status":"open","sticky":false,"template":"","format":"standard","meta":{"footnotes":""},"categories":[211],"tags":[],"class_list":["post-9351","post","type-post","status-publish","format-standard","has-post-thumbnail","hentry","category-nouvelles"],"_links":{"self":[{"href":"https:\/\/isuarsivik.ca\/fr\/wp-json\/wp\/v2\/posts\/9351","targetHints":{"allow":["GET"]}}],"collection":[{"href":"https:\/\/isuarsivik.ca\/fr\/wp-json\/wp\/v2\/posts"}],"about":[{"href":"https:\/\/isuarsivik.ca\/fr\/wp-json\/wp\/v2\/types\/post"}],"author":[{"embeddable":true,"href":"https:\/\/isuarsivik.ca\/fr\/wp-json\/wp\/v2\/users\/5"}],"replies":[{"embeddable":true,"href":"https:\/\/isuarsivik.ca\/fr\/wp-json\/wp\/v2\/comments?post=9351"}],"version-history":[{"count":0,"href":"https:\/\/isuarsivik.ca\/fr\/wp-json\/wp\/v2\/posts\/9351\/revisions"}],"wp:featuredmedia":[{"embeddable":true,"href":"https:\/\/isuarsivik.ca\/fr\/wp-json\/wp\/v2\/media\/9457"}],"wp:attachment":[{"href":"https:\/\/isuarsivik.ca\/fr\/wp-json\/wp\/v2\/media?parent=9351"}],"wp:term":[{"taxonomy":"category","embeddable":true,"href":"https:\/\/isuarsivik.ca\/fr\/wp-json\/wp\/v2\/categories?post=9351"},{"taxonomy":"post_tag","embeddable":true,"href":"https:\/\/isuarsivik.ca\/fr\/wp-json\/wp\/v2\/tags?post=9351"}],"curies":[{"name":"wp","href":"https:\/\/api.w.org\/{rel}","templated":true}]}}