{"id":8884,"date":"2018-11-15T11:09:22","date_gmt":"2018-11-15T16:09:22","guid":{"rendered":"http:\/\/isuarsivik.ca\/?p=8884"},"modified":"2019-07-04T14:56:25","modified_gmt":"2019-07-04T18:56:25","slug":"un-nouveau-centre-de-readaptation-inuit-pour-les-dependances-au-nunavik-la-construction-debute-a-lete-2019","status":"publish","type":"post","link":"https:\/\/isuarsivik.ca\/fr\/un-nouveau-centre-de-readaptation-inuit-pour-les-dependances-au-nunavik-la-construction-debute-a-lete-2019\/","title":{"rendered":"Un nouveau centre de r\u00e9adaptation Inuit pour les d\u00e9pendances au Nunavik : la construction d\u00e9bute \u00e0 l\u2019\u00e9t\u00e9 2019"},"content":{"rendered":"<p>Une annonce de $6M en temps opportun par l&rsquo;honorable Jane Philpott, ministre des Services aux autochtones, permet d\u2019\u00e9viter un retard suppl\u00e9mentaire dans le projet de construction du nouveau Centre r\u00e9gional de r\u00e9adaptation Isuarsivik \u00e0 Kuujjuaq, au nord de la province du Qu\u00e9bec.<\/p>\n<p>La port\u00e9e et l&rsquo;intensit\u00e9 des probl\u00e8mes li\u00e9s \u00e0 l&rsquo;abus de substances au Nunavik touchent l&rsquo;ensemble de la soci\u00e9t\u00e9 inuite. Isuarsivik, une organisation communautaire inuite qui offre des services r\u00e9sidentiels de toxicomanie culturellement adapt\u00e9s, op\u00e8re actuellement \u00e0 partir de l&rsquo;un des plus anciens \u00e9difices de Kuujjuaq construit par l&rsquo;Arm\u00e9e de l\u2019air am\u00e9ricaine dans les ann\u00e9es 1940. L&rsquo;\u00e2ge, la taille et la disposition de l&rsquo;installation emp\u00eachent Isuarsivik d&rsquo;offrir son programme de mani\u00e8re optimale.<\/p>\n<h4><a href=\"\/wp-content\/uploads\/2019\/01\/Constructio-New-Isuarsivik-Recovery-Centre-FR.pdf\" target=\"_blank\" rel=\"noopener\">T\u00e9l\u00e9charger le document PDF complet du communiqu\u00e9<\/a>.<\/h4>\n","protected":false},"excerpt":{"rendered":"<p>Une annonce de $6M en temps opportun par l&rsquo;honorable Jane Philpott, ministre des Services aux autochtones, permet d\u2019\u00e9viter un retard suppl\u00e9mentaire dans le projet de construction du nouveau Centre r\u00e9gional de r\u00e9adaptation Isuarsivik \u00e0 Kuujjuaq, au nord de la province &hellip; <a href=\"https:\/\/isuarsivik.ca\/fr\/un-nouveau-centre-de-readaptation-inuit-pour-les-dependances-au-nunavik-la-construction-debute-a-lete-2019\/\">Continue reading <span class=\"meta-nav\">&rarr;<\/span><\/a><\/p>\n","protected":false},"author":5,"featured_media":9072,"comment_status":"closed","ping_status":"closed","sticky":false,"template":"","format":"standard","meta":{"footnotes":""},"categories":[212],"tags":[],"class_list":["post-8884","post","type-post","status-publish","format-standard","has-post-thumbnail","hentry","category-communiques-de-presse"],"_links":{"self":[{"href":"https:\/\/isuarsivik.ca\/fr\/wp-json\/wp\/v2\/posts\/8884","targetHints":{"allow":["GET"]}}],"collection":[{"href":"https:\/\/isuarsivik.ca\/fr\/wp-json\/wp\/v2\/posts"}],"about":[{"href":"https:\/\/isuarsivik.ca\/fr\/wp-json\/wp\/v2\/types\/post"}],"author":[{"embeddable":true,"href":"https:\/\/isuarsivik.ca\/fr\/wp-json\/wp\/v2\/users\/5"}],"replies":[{"embeddable":true,"href":"https:\/\/isuarsivik.ca\/fr\/wp-json\/wp\/v2\/comments?post=8884"}],"version-history":[{"count":0,"href":"https:\/\/isuarsivik.ca\/fr\/wp-json\/wp\/v2\/posts\/8884\/revisions"}],"wp:featuredmedia":[{"embeddable":true,"href":"https:\/\/isuarsivik.ca\/fr\/wp-json\/wp\/v2\/media\/9072"}],"wp:attachment":[{"href":"https:\/\/isuarsivik.ca\/fr\/wp-json\/wp\/v2\/media?parent=8884"}],"wp:term":[{"taxonomy":"category","embeddable":true,"href":"https:\/\/isuarsivik.ca\/fr\/wp-json\/wp\/v2\/categories?post=8884"},{"taxonomy":"post_tag","embeddable":true,"href":"https:\/\/isuarsivik.ca\/fr\/wp-json\/wp\/v2\/tags?post=8884"}],"curies":[{"name":"wp","href":"https:\/\/api.w.org\/{rel}","templated":true}]}}