{"id":13167,"date":"2022-02-22T05:54:40","date_gmt":"2022-02-22T10:54:40","guid":{"rendered":"https:\/\/isuarsivik.ca\/?p=13167"},"modified":"2022-03-12T15:58:17","modified_gmt":"2022-03-12T20:58:17","slug":"cinq-organisations-sunissent-pour-realiser-un-immense-qullik-dans-le-futur-centre-de-guerison-du-nunavik","status":"publish","type":"post","link":"https:\/\/isuarsivik.ca\/fr\/cinq-organisations-sunissent-pour-realiser-un-immense-qullik-dans-le-futur-centre-de-guerison-du-nunavik\/","title":{"rendered":"Cinq organisations s&rsquo;unissent pour r\u00e9aliser un immense qullik dans le futur centre de gu\u00e9rison du Nunavik"},"content":{"rendered":"<p><strong>Kuujjuaq (22 f\u00e9vrier 2022) \u2013 <\/strong>Cette ann\u00e9e, le Centre r\u00e9gional de r\u00e9tablissement Isuarsivik concr\u00e9tisera un r\u00eave pr\u00e9cieux de son conseil d\u2019administration\u00a0: l\u2019am\u00e9nagement d\u2019un immense<em> qullik<\/em> \u00e0 l\u2019entr\u00e9e de son nouveau centre. Le <em>Qullialuk,<\/em> qui signifie \u2018gigantesque lampe inuite\u2019 en inuktitut, est une initiative sans pr\u00e9c\u00e9dent au Nunavik qui se d\u00e9marque par l\u2019engagement de cinq organisations, soit <a href=\"https:\/\/www.glencore.ca\/fr\/raglan\" target=\"_blank\" rel=\"noopener\">Glencore\/Mine Raglan<\/a>, <a href=\"https:\/\/www.airinuit.com\/en\" target=\"_blank\" rel=\"noopener\">Air Inuit<\/a>, l\u2019<a href=\"https:\/\/www.avataq.qc.ca\/en\/Home\" target=\"_blank\" rel=\"noopener\">Institut culturel Avataq<\/a>, <a href=\"http:\/\/evoqarchitecture.com\/en\/\" target=\"_blank\" rel=\"noopener\">EVOQ Architecture<\/a> et <a href=\"https:\/\/canadiannorth.com\/\" target=\"_blank\" rel=\"noopener\">Canadian North<\/a>. Gr\u00e2ce \u00e0 leur engagement ainsi que celui du Conseil des Arts du Canada, le projet<em> Qullialuk<\/em> verra le jour juste \u00e0 temps pour l\u2019ouverture du nouveau centre pr\u00e9vue pour 2023.<\/p>\n<h3><a href=\"https:\/\/isuarsivik.ca\/wp-content\/uploads\/2022\/02\/ISUARSIVIK_COMMUNIQUE-DE-PRESSE-Qullialuk-1.pdf\" target=\"_blank\" rel=\"noopener\">Pour lire le communiqu\u00e9 de presse officiel<\/a><\/h3>\n","protected":false},"excerpt":{"rendered":"<p>Kuujjuaq (22 f\u00e9vrier 2022) \u2013 Cette ann\u00e9e, le Centre r\u00e9gional de r\u00e9tablissement Isuarsivik concr\u00e9tisera un r\u00eave pr\u00e9cieux de son conseil d\u2019administration\u00a0: l\u2019am\u00e9nagement d\u2019un immense qullik \u00e0 l\u2019entr\u00e9e de son nouveau centre. Le Qullialuk, qui signifie \u2018gigantesque lampe inuite\u2019 en inuktitut, &hellip; <a href=\"https:\/\/isuarsivik.ca\/fr\/cinq-organisations-sunissent-pour-realiser-un-immense-qullik-dans-le-futur-centre-de-guerison-du-nunavik\/\">Continue reading <span class=\"meta-nav\">&rarr;<\/span><\/a><\/p>\n","protected":false},"author":5,"featured_media":13443,"comment_status":"closed","ping_status":"closed","sticky":false,"template":"","format":"standard","meta":{"footnotes":""},"categories":[212],"tags":[],"class_list":["post-13167","post","type-post","status-publish","format-standard","has-post-thumbnail","hentry","category-communiques-de-presse"],"_links":{"self":[{"href":"https:\/\/isuarsivik.ca\/fr\/wp-json\/wp\/v2\/posts\/13167","targetHints":{"allow":["GET"]}}],"collection":[{"href":"https:\/\/isuarsivik.ca\/fr\/wp-json\/wp\/v2\/posts"}],"about":[{"href":"https:\/\/isuarsivik.ca\/fr\/wp-json\/wp\/v2\/types\/post"}],"author":[{"embeddable":true,"href":"https:\/\/isuarsivik.ca\/fr\/wp-json\/wp\/v2\/users\/5"}],"replies":[{"embeddable":true,"href":"https:\/\/isuarsivik.ca\/fr\/wp-json\/wp\/v2\/comments?post=13167"}],"version-history":[{"count":0,"href":"https:\/\/isuarsivik.ca\/fr\/wp-json\/wp\/v2\/posts\/13167\/revisions"}],"wp:featuredmedia":[{"embeddable":true,"href":"https:\/\/isuarsivik.ca\/fr\/wp-json\/wp\/v2\/media\/13443"}],"wp:attachment":[{"href":"https:\/\/isuarsivik.ca\/fr\/wp-json\/wp\/v2\/media?parent=13167"}],"wp:term":[{"taxonomy":"category","embeddable":true,"href":"https:\/\/isuarsivik.ca\/fr\/wp-json\/wp\/v2\/categories?post=13167"},{"taxonomy":"post_tag","embeddable":true,"href":"https:\/\/isuarsivik.ca\/fr\/wp-json\/wp\/v2\/tags?post=13167"}],"curies":[{"name":"wp","href":"https:\/\/api.w.org\/{rel}","templated":true}]}}