{"id":11428,"date":"2021-08-06T10:17:38","date_gmt":"2021-08-06T14:17:38","guid":{"rendered":"https:\/\/isuarsivik.ca\/?p=11428"},"modified":"2021-08-06T10:17:38","modified_gmt":"2021-08-06T14:17:38","slug":"une-decouverte-archeologique-inattendue-tout-pres-du-chantier-de-construction-du-nouveau-centre-disuarsivik","status":"publish","type":"post","link":"https:\/\/isuarsivik.ca\/fr\/une-decouverte-archeologique-inattendue-tout-pres-du-chantier-de-construction-du-nouveau-centre-disuarsivik\/","title":{"rendered":"Une d\u00e9couverte arch\u00e9ologique inattendue tout pr\u00e8s du chantier de construction du nouveau Centre d&rsquo;Isuarsivik"},"content":{"rendered":"<p>Du 14 au 18 juin, l&rsquo;\u00e9quipe de l&rsquo;Institut culturel Avataq a effectu\u00e9 un lev\u00e9 d&rsquo;arch\u00e9ologie pr\u00e9ventive sur un site situ\u00e9 sur une petite pointe rocheuse en contrebas du chantier de construction du nouveau Centre d\u2019Isuarsivik. Selon toute vraisemblance, il s&rsquo;agit d&rsquo;un petit site d&rsquo;occupation li\u00e9 \u00e0 l&rsquo;archa\u00efque maritime, une tradition culturelle arch\u00e9ologique am\u00e9rindienne pr\u00e9sente dans la r\u00e9gion de Kuujjuaq entre 5000 et 3500 ans avant aujourd&rsquo;hui. Parmi les artefacts d\u00e9couverts, une petite pointe de fl\u00e8che en chert a \u00e9t\u00e9 exhum\u00e9e.<\/p>\n<p>Ce projet a \u00e9t\u00e9 r\u00e9alis\u00e9 gr\u00e2ce au soutien et \u00e0 la collaboration du Village Nordique de Kuujjuaq, de Nayumivik Land Holding, de l&rsquo;Institut Culturel Avataq et du Centre R\u00e9gional de R\u00e9tablissement Isuarsivik.<\/p>\n<p>Nous esp\u00e9rons pouvoir augmenter l&rsquo;\u00e9tendue de notre partenariat et soutenir Avataq dans d&rsquo;autres projets similaires \u00e0 proximit\u00e9 de notre nouveau centre \u00e0 l&rsquo;avenir.<\/p>\n<p><a href=\"https:\/\/isuarsivik.ca\/wp-content\/uploads\/2021\/08\/Arrowhead-1.jpg\"><img loading=\"lazy\" decoding=\"async\" class=\"alignleft size-thumbnail wp-image-11414\" src=\"https:\/\/isuarsivik.ca\/wp-content\/uploads\/2021\/08\/Arrowhead-1-150x150.jpg\" alt=\"\" width=\"150\" height=\"150\" srcset=\"https:\/\/isuarsivik.ca\/wp-content\/uploads\/2021\/08\/Arrowhead-1-150x150.jpg 150w, https:\/\/isuarsivik.ca\/wp-content\/uploads\/2021\/08\/Arrowhead-1-300x300.jpg 300w, https:\/\/isuarsivik.ca\/wp-content\/uploads\/2021\/08\/Arrowhead-1-1024x1021.jpg 1024w, https:\/\/isuarsivik.ca\/wp-content\/uploads\/2021\/08\/Arrowhead-1-768x766.jpg 768w, https:\/\/isuarsivik.ca\/wp-content\/uploads\/2021\/08\/Arrowhead-1-129x129.jpg 129w, https:\/\/isuarsivik.ca\/wp-content\/uploads\/2021\/08\/Arrowhead-1-1536x1532.jpg 1536w, https:\/\/isuarsivik.ca\/wp-content\/uploads\/2021\/08\/Arrowhead-1-2048x2042.jpg 2048w, https:\/\/isuarsivik.ca\/wp-content\/uploads\/2021\/08\/Arrowhead-1-1170x1167.jpg 1170w, https:\/\/isuarsivik.ca\/wp-content\/uploads\/2021\/08\/Arrowhead-1-23x23.jpg 23w\" sizes=\"auto, (max-width: 150px) 100vw, 150px\" \/><\/a><img loading=\"lazy\" decoding=\"async\" class=\"size-thumbnail wp-image-11420 alignleft\" src=\"https:\/\/isuarsivik.ca\/wp-content\/uploads\/2021\/08\/Site-3-150x150.jpg\" alt=\"\" width=\"150\" height=\"150\" srcset=\"https:\/\/isuarsivik.ca\/wp-content\/uploads\/2021\/08\/Site-3-150x150.jpg 150w, https:\/\/isuarsivik.ca\/wp-content\/uploads\/2021\/08\/Site-3-129x129.jpg 129w, https:\/\/isuarsivik.ca\/wp-content\/uploads\/2021\/08\/Site-3-23x23.jpg 23w\" sizes=\"auto, (max-width: 150px) 100vw, 150px\" \/> <a href=\"https:\/\/isuarsivik.ca\/wp-content\/uploads\/2021\/08\/Site-1-scaled.jpg\"><img loading=\"lazy\" decoding=\"async\" class=\"size-thumbnail wp-image-11417 alignleft\" src=\"https:\/\/isuarsivik.ca\/wp-content\/uploads\/2021\/08\/Site-1-150x150.jpg\" alt=\"\" width=\"150\" height=\"150\" srcset=\"https:\/\/isuarsivik.ca\/wp-content\/uploads\/2021\/08\/Site-1-150x150.jpg 150w, https:\/\/isuarsivik.ca\/wp-content\/uploads\/2021\/08\/Site-1-300x300.jpg 300w, https:\/\/isuarsivik.ca\/wp-content\/uploads\/2021\/08\/Site-1-1024x1021.jpg 1024w, https:\/\/isuarsivik.ca\/wp-content\/uploads\/2021\/08\/Site-1-768x766.jpg 768w, https:\/\/isuarsivik.ca\/wp-content\/uploads\/2021\/08\/Site-1-129x129.jpg 129w, https:\/\/isuarsivik.ca\/wp-content\/uploads\/2021\/08\/Site-1-1536x1532.jpg 1536w, https:\/\/isuarsivik.ca\/wp-content\/uploads\/2021\/08\/Site-1-2048x2043.jpg 2048w, https:\/\/isuarsivik.ca\/wp-content\/uploads\/2021\/08\/Site-1-1170x1167.jpg 1170w, https:\/\/isuarsivik.ca\/wp-content\/uploads\/2021\/08\/Site-1-23x23.jpg 23w\" sizes=\"auto, (max-width: 150px) 100vw, 150px\" \/><\/a><\/p>\n","protected":false},"excerpt":{"rendered":"<p>Du 14 au 18 juin, l&rsquo;\u00e9quipe de l&rsquo;Institut culturel Avataq a effectu\u00e9 un lev\u00e9 d&rsquo;arch\u00e9ologie pr\u00e9ventive sur un site situ\u00e9 sur une petite pointe rocheuse en contrebas du chantier de construction du nouveau Centre d\u2019Isuarsivik. Selon toute vraisemblance, il s&rsquo;agit &hellip; <a href=\"https:\/\/isuarsivik.ca\/fr\/une-decouverte-archeologique-inattendue-tout-pres-du-chantier-de-construction-du-nouveau-centre-disuarsivik\/\">Continue reading <span class=\"meta-nav\">&rarr;<\/span><\/a><\/p>\n","protected":false},"author":5,"featured_media":11414,"comment_status":"closed","ping_status":"open","sticky":false,"template":"","format":"standard","meta":{"footnotes":""},"categories":[211],"tags":[],"class_list":["post-11428","post","type-post","status-publish","format-standard","has-post-thumbnail","hentry","category-nouvelles"],"_links":{"self":[{"href":"https:\/\/isuarsivik.ca\/fr\/wp-json\/wp\/v2\/posts\/11428","targetHints":{"allow":["GET"]}}],"collection":[{"href":"https:\/\/isuarsivik.ca\/fr\/wp-json\/wp\/v2\/posts"}],"about":[{"href":"https:\/\/isuarsivik.ca\/fr\/wp-json\/wp\/v2\/types\/post"}],"author":[{"embeddable":true,"href":"https:\/\/isuarsivik.ca\/fr\/wp-json\/wp\/v2\/users\/5"}],"replies":[{"embeddable":true,"href":"https:\/\/isuarsivik.ca\/fr\/wp-json\/wp\/v2\/comments?post=11428"}],"version-history":[{"count":0,"href":"https:\/\/isuarsivik.ca\/fr\/wp-json\/wp\/v2\/posts\/11428\/revisions"}],"wp:featuredmedia":[{"embeddable":true,"href":"https:\/\/isuarsivik.ca\/fr\/wp-json\/wp\/v2\/media\/11414"}],"wp:attachment":[{"href":"https:\/\/isuarsivik.ca\/fr\/wp-json\/wp\/v2\/media?parent=11428"}],"wp:term":[{"taxonomy":"category","embeddable":true,"href":"https:\/\/isuarsivik.ca\/fr\/wp-json\/wp\/v2\/categories?post=11428"},{"taxonomy":"post_tag","embeddable":true,"href":"https:\/\/isuarsivik.ca\/fr\/wp-json\/wp\/v2\/tags?post=11428"}],"curies":[{"name":"wp","href":"https:\/\/api.w.org\/{rel}","templated":true}]}}